{"id":1775,"date":"2016-04-02T12:23:00","date_gmt":"2016-04-02T12:23:00","guid":{"rendered":"https:\/\/obalasplit.hr\/?p=1775"},"modified":"2023-10-20T12:38:03","modified_gmt":"2023-10-20T12:38:03","slug":"arhitektonski-ured-mva-i-tvrtka-obala-d-o-o-split-su-osvojili-1-nagradu-na-natjecaju-za-izradu-idejnog-urbanisticko-arhitektonskog-uredenja-obalnog-pojasa-naselja-baska","status":"publish","type":"post","link":"https:\/\/obalasplit.hr\/hr\/2016\/04\/02\/arhitektonski-ured-mva-i-tvrtka-obala-d-o-o-split-su-osvojili-1-nagradu-na-natjecaju-za-izradu-idejnog-urbanisticko-arhitektonskog-uredenja-obalnog-pojasa-naselja-baska\/","title":{"rendered":"Arhitektonski ured MVA i tvrtka Obala d.o.o. Split osvojili su 1. NAGRADU na natje\u010daju za razvoj konceptualnog urbanisti\u010dko-arhitektonskog dizajna obalnog podru\u010dja naselja Ba\u0161ka."},"content":{"rendered":"<p>Read more in the link: <a href=\"https:\/\/d-a-r.hr\/rezultati-natjecaj-za-izradu-idejnog-urbanisticko-arhitektonskog-rjesenja-uredenja-obalnog-pojasa-naselja-baska\/\">DAR PRIZES<\/a><\/p>","protected":false},"excerpt":{"rendered":"<p>Read more in the link: DAR PRIZES<\/p>","protected":false},"author":1,"featured_media":0,"comment_status":"open","ping_status":"open","sticky":false,"template":"","format":"standard","meta":{"footnotes":""},"categories":[17],"tags":[],"class_list":["post-1775","post","type-post","status-publish","format-standard","hentry","category-news"],"_links":{"self":[{"href":"https:\/\/obalasplit.hr\/hr\/wp-json\/wp\/v2\/posts\/1775","targetHints":{"allow":["GET"]}}],"collection":[{"href":"https:\/\/obalasplit.hr\/hr\/wp-json\/wp\/v2\/posts"}],"about":[{"href":"https:\/\/obalasplit.hr\/hr\/wp-json\/wp\/v2\/types\/post"}],"author":[{"embeddable":true,"href":"https:\/\/obalasplit.hr\/hr\/wp-json\/wp\/v2\/users\/1"}],"replies":[{"embeddable":true,"href":"https:\/\/obalasplit.hr\/hr\/wp-json\/wp\/v2\/comments?post=1775"}],"version-history":[{"count":2,"href":"https:\/\/obalasplit.hr\/hr\/wp-json\/wp\/v2\/posts\/1775\/revisions"}],"predecessor-version":[{"id":1778,"href":"https:\/\/obalasplit.hr\/hr\/wp-json\/wp\/v2\/posts\/1775\/revisions\/1778"}],"wp:attachment":[{"href":"https:\/\/obalasplit.hr\/hr\/wp-json\/wp\/v2\/media?parent=1775"}],"wp:term":[{"taxonomy":"category","embeddable":true,"href":"https:\/\/obalasplit.hr\/hr\/wp-json\/wp\/v2\/categories?post=1775"},{"taxonomy":"post_tag","embeddable":true,"href":"https:\/\/obalasplit.hr\/hr\/wp-json\/wp\/v2\/tags?post=1775"}],"curies":[{"name":"wp","href":"https:\/\/api.w.org\/{rel}","templated":true}]}}